{"id":381,"date":"2026-02-13T15:33:17","date_gmt":"2026-02-13T15:33:17","guid":{"rendered":"https:\/\/rosybrown-okapi-954574.hostingersite.com\/?p=381"},"modified":"2026-02-17T18:02:00","modified_gmt":"2026-02-17T16:02:00","slug":"un-proiect-care-uneste-doua-tari-modelul-gradinii-urbane-de-la-ungheni","status":"publish","type":"post","link":"https:\/\/gradinaurbana.md\/en\/un-proiect-care-uneste-doua-tari-modelul-gradinii-urbane-de-la-ungheni\/","title":{"rendered":"Un proiect care une\u0219te dou\u0103 \u021b\u0103ri: modelul gr\u0103dinii urbane de la Ungheni"},"content":{"rendered":"<p><\/p>\n\n\n\n<p><\/p>\n\n\n\n<p>Aerul pe care \u00eel respir\u0103m nu se opre\u0219te la malul Prutului. La fel cum nici poluarea, \u00eenc\u0103lzirea global\u0103 sau pierderea spa\u021biilor verzi nu \u021bin cont de grani\u021be. Aceste problemele sunt comune at\u00e2t \u00een Republica Moldova c\u00e2t \u0219i \u00een Rom\u00e2nia. Tocmai de aceea, solu\u021biile nu pot r\u0103m\u00e2ne izolate \u00eentr-o singur\u0103 localitate sau \u00eentr-o singur\u0103 \u021bar\u0103.<\/p>\n\n\n\n<p>Astfel, Asocia\u021bia Business InnoHub, Prim\u0103ria municipiului Ungheni \u0219i <a href=\"https:\/\/www.maibine.eu\/\">The Association Of The Best<\/a> din Rom\u00e2nia \u0219i-au unit eforturi \u00een proiectul <strong>Gr\u0103dina Urban\u0103 \u2013 Cultivarea aerului curat \u00een mediile urbane<\/strong> \u0219i \u00eempreun\u0103 construiesc un model de gr\u0103din\u0103 urban\u0103 ce poate fi replicat \u0219i \u00een alte ora\u0219e.&nbsp;<\/p>\n\n\n\n<p><strong>O idee simpl\u0103 cu impact mare<\/strong><\/p>\n\n\n\n<p>La Ungheni, un teren de 0,8 hectare va fi transformat \u00eentr-un spa\u021biu verde comunitar care nu va fi doar un parc nou, dar va deveni o zon\u0103 vie. Aici vor fi plantate specii locale de plante, vor fi create parcele de gr\u0103din\u0103rit sustenabil, vor fi instalate sisteme de iluminat solar \u0219i senzori pentru monitorizarea calit\u0103\u021bii aerului, iar unghenenii vor direct la amenajarea \u0219i \u00eentre\u021binerea spa\u021biului.<\/p>\n\n\n\n<p>Dincolo de plante \u0219i alei, miza proiectului este mai mare pentru c\u0103 \u00ee\u0219i propune testarea unui model de infrastructur\u0103 verde care poate fi aplicat \u0219i \u00een alte localit\u0103\u021bi din regiunea de frontier\u0103.<\/p>\n\n\n\n<p><strong>De ce este important\u0103 cooperarea transfrontalier\u0103?<\/strong><\/p>\n\n\n\n<p>Ora\u0219ele din Republica Moldova \u0219i Rom\u00e2nia respir\u0103 acela\u0219i aer tot mai \u00eenc\u0103rcat, resimt aceea\u0219i lips\u0103 de spa\u021bii verzi accesibile, se confrunt\u0103 cu acelea\u0219i efecte ale schimb\u0103rilor climatice \u0219i, adesea, cu aceea\u0219i dificultate de a implica activ comunitatea \u00een solu\u021bii de mediu.<\/p>\n\n\n\n<p>Tocmai de aceea, r\u0103spunsul nu poate fi individual.&nbsp;<\/p>\n\n\n\n<p>Astfel, \u00een cadrul proiectului <strong>Gr\u0103dina Urban\u0103 \u2013 Cultivarea aerului curat \u00een mediile urbane<\/strong> trei parteneri au ales s\u0103 construiasc\u0103 \u00eempreun\u0103: Asocia\u021bia Business InnoHub, Prim\u0103ria municipiului Ungheni \u0219i Asocia\u021bia Mai Bine.<\/p>\n\n\n\n<p>\u00cen aceast\u0103 ini\u021biativ\u0103, Prim\u0103ria aduce cadrul institu\u021bional \u0219i capacitatea de integrare a gr\u0103dinii \u00een planurile urbane ale ora\u0219ului, iar Asocia\u021bia Business InnoHub \u0219i Asocia\u021bia Mai Bine&nbsp; vin cu experien\u021ba \u00een educa\u021bie ecologic\u0103, biodiversitate \u0219i mobilizare comunitar\u0103, propun\u00e2ndu-\u0219i s\u0103 dezvolte strategii \u0219i instrumente care pot fi aplicate \u0219i \u00een alte ora\u0219e, de ambele p\u0103r\u021bi ale Prutului.<\/p>\n\n\n\n<p>\u00cen acela\u0219i timp, cooperarea dintre Republica Moldova \u0219i Rom\u00e2nia \u00eenseamn\u0103 \u0219i consolidarea \u00eencrederii \u00eentre institu\u021biile \u0219i comunit\u0103\u021bile din cele dou\u0103 \u021b\u0103ri. \u00censeamn\u0103 schimb de experien\u021b\u0103, \u00eenv\u0103\u021bare reciproc\u0103 \u0219i crearea unor politici mai bine fundamentate.<\/p>\n\n\n\n<p>Pe parcursul implement\u0103rii, proiectul va genera o strategie comun\u0103 pentru infrastructur\u0103 verde \u0219i biodiversitate, o strategie privind Femeile \u0219i Ac\u021biunile Climatice, un spa\u021biu urban public amenajat pentru comunitate \u0219i un kit de replicare pentru alte localit\u0103\u021bi care vor s\u0103 prea exeplul gr\u0103dinii urbane.&nbsp;<\/p>\n\n\n\n<p>Astfel, impactul nu se opre\u0219te la Ungheni.<\/p>\n\n\n\n<p><strong>Un model pentru viitor<\/strong><\/p>\n\n\n\n<p>\u00centr-o perioad\u0103 \u00een care ora\u0219ele caut\u0103 solu\u021bii rapide la probleme tot mai complexe, cooperarea transfrontalier\u0103 dintre Republica Moldova \u0219i Rom\u00e2nia ofer\u0103 un avantaj clar: \u00eemp\u0103r\u021birea responsabilit\u0103\u021bii \u0219i multiplicarea impactului.<\/p>\n\n\n\n<p>Gr\u0103dina urban\u0103 din Ungheni este un punct de pornire. Este dovada c\u0103 atunci c\u00e2nd dou\u0103 \u021b\u0103ri aleg s\u0103 colaboreze pentru un obiectiv comun \u2013 aer mai curat \u0219i comunit\u0103\u021bi mai s\u0103n\u0103toase \u2013 schimbarea devine posibil\u0103.<\/p>","protected":false},"excerpt":{"rendered":"<p>Aerul pe care \u00eel respir\u0103m nu se opre\u0219te la malul Prutului. La fel cum nici poluarea, \u00eenc\u0103lzirea global\u0103 sau pierderea spa\u021biilor verzi nu \u021bin cont de grani\u021be. Aceste problemele sunt [&hellip;]<\/p>\n","protected":false},"author":3,"featured_media":500,"comment_status":"closed","ping_status":"open","sticky":false,"template":"","format":"standard","meta":{"_acf_changed":false,"footnotes":""},"categories":[1],"tags":[],"class_list":["post-381","post","type-post","status-publish","format-standard","has-post-thumbnail","hentry","category-uncategorized"],"acf":[],"yoast_head":"<!-- This site is optimized with the Yoast SEO plugin v27.2 - https:\/\/yoast.com\/product\/yoast-seo-wordpress\/ -->\n<title>Un proiect care une\u0219te dou\u0103 \u021b\u0103ri: modelul gr\u0103dinii urbane de la Ungheni - gradinaurbana.md<\/title>\n<meta name=\"robots\" content=\"index, follow, max-snippet:-1, max-image-preview:large, max-video-preview:-1\" \/>\n<link rel=\"canonical\" href=\"https:\/\/gradinaurbana.md\/en\/un-proiect-care-uneste-doua-tari-modelul-gradinii-urbane-de-la-ungheni\/\" \/>\n<meta property=\"og:locale\" content=\"en_US\" \/>\n<meta property=\"og:type\" content=\"article\" \/>\n<meta property=\"og:title\" content=\"Un proiect care une\u0219te dou\u0103 \u021b\u0103ri: modelul gr\u0103dinii urbane de la Ungheni - gradinaurbana.md\" \/>\n<meta property=\"og:description\" content=\"Aerul pe care \u00eel respir\u0103m nu se opre\u0219te la malul Prutului. La fel cum nici poluarea, \u00eenc\u0103lzirea global\u0103 sau pierderea spa\u021biilor verzi nu \u021bin cont de grani\u021be. Aceste problemele sunt [&hellip;]\" \/>\n<meta property=\"og:url\" content=\"https:\/\/gradinaurbana.md\/en\/un-proiect-care-uneste-doua-tari-modelul-gradinii-urbane-de-la-ungheni\/\" \/>\n<meta property=\"og:site_name\" content=\"gradinaurbana.md\" \/>\n<meta property=\"article:publisher\" content=\"https:\/\/www.facebook.com\/gradinaurbanaungheni\/\" \/>\n<meta property=\"article:published_time\" content=\"2026-02-13T15:33:17+00:00\" \/>\n<meta property=\"article:modified_time\" content=\"2026-02-17T16:02:00+00:00\" \/>\n<meta property=\"og:image\" content=\"https:\/\/gradinaurbana.md\/wp-content\/uploads\/2026\/02\/628376284_122101983741247324_2774919534882605020_n.jpg\" \/>\n\t<meta property=\"og:image:width\" content=\"2048\" \/>\n\t<meta property=\"og:image:height\" content=\"1367\" \/>\n\t<meta property=\"og:image:type\" content=\"image\/jpeg\" \/>\n<meta name=\"author\" content=\"Asociatia Business InnoHub\" \/>\n<meta name=\"twitter:card\" content=\"summary_large_image\" \/>\n<meta name=\"twitter:label1\" content=\"Written by\" \/>\n\t<meta name=\"twitter:data1\" content=\"Asociatia Business InnoHub\" \/>\n\t<meta name=\"twitter:label2\" content=\"Est. reading time\" \/>\n\t<meta name=\"twitter:data2\" content=\"3 minutes\" \/>\n<script type=\"application\/ld+json\" class=\"yoast-schema-graph\">{\"@context\":\"https:\/\/schema.org\",\"@graph\":[{\"@type\":\"Article\",\"@id\":\"https:\/\/gradinaurbana.md\/un-proiect-care-uneste-doua-tari-modelul-gradinii-urbane-de-la-ungheni\/#article\",\"isPartOf\":{\"@id\":\"https:\/\/gradinaurbana.md\/un-proiect-care-uneste-doua-tari-modelul-gradinii-urbane-de-la-ungheni\/\"},\"author\":{\"name\":\"Asociatia Business InnoHub\",\"@id\":\"https:\/\/gradinaurbana.md\/#\/schema\/person\/a843d6c1d2810ff20b1b7ad7db2576fc\"},\"headline\":\"Un proiect care une\u0219te dou\u0103 \u021b\u0103ri: modelul gr\u0103dinii urbane de la Ungheni\",\"datePublished\":\"2026-02-13T15:33:17+00:00\",\"dateModified\":\"2026-02-17T16:02:00+00:00\",\"mainEntityOfPage\":{\"@id\":\"https:\/\/gradinaurbana.md\/un-proiect-care-uneste-doua-tari-modelul-gradinii-urbane-de-la-ungheni\/\"},\"wordCount\":581,\"publisher\":{\"@id\":\"https:\/\/gradinaurbana.md\/#organization\"},\"image\":{\"@id\":\"https:\/\/gradinaurbana.md\/un-proiect-care-uneste-doua-tari-modelul-gradinii-urbane-de-la-ungheni\/#primaryimage\"},\"thumbnailUrl\":\"https:\/\/gradinaurbana.md\/wp-content\/uploads\/2026\/02\/628376284_122101983741247324_2774919534882605020_n.jpg\",\"inLanguage\":\"en-US\"},{\"@type\":\"WebPage\",\"@id\":\"https:\/\/gradinaurbana.md\/un-proiect-care-uneste-doua-tari-modelul-gradinii-urbane-de-la-ungheni\/\",\"url\":\"https:\/\/gradinaurbana.md\/un-proiect-care-uneste-doua-tari-modelul-gradinii-urbane-de-la-ungheni\/\",\"name\":\"Un proiect care une\u0219te dou\u0103 \u021b\u0103ri: modelul gr\u0103dinii urbane de la Ungheni - gradinaurbana.md\",\"isPartOf\":{\"@id\":\"https:\/\/gradinaurbana.md\/#website\"},\"primaryImageOfPage\":{\"@id\":\"https:\/\/gradinaurbana.md\/un-proiect-care-uneste-doua-tari-modelul-gradinii-urbane-de-la-ungheni\/#primaryimage\"},\"image\":{\"@id\":\"https:\/\/gradinaurbana.md\/un-proiect-care-uneste-doua-tari-modelul-gradinii-urbane-de-la-ungheni\/#primaryimage\"},\"thumbnailUrl\":\"https:\/\/gradinaurbana.md\/wp-content\/uploads\/2026\/02\/628376284_122101983741247324_2774919534882605020_n.jpg\",\"datePublished\":\"2026-02-13T15:33:17+00:00\",\"dateModified\":\"2026-02-17T16:02:00+00:00\",\"breadcrumb\":{\"@id\":\"https:\/\/gradinaurbana.md\/un-proiect-care-uneste-doua-tari-modelul-gradinii-urbane-de-la-ungheni\/#breadcrumb\"},\"inLanguage\":\"en-US\",\"potentialAction\":[{\"@type\":\"ReadAction\",\"target\":[\"https:\/\/gradinaurbana.md\/un-proiect-care-uneste-doua-tari-modelul-gradinii-urbane-de-la-ungheni\/\"]}]},{\"@type\":\"ImageObject\",\"inLanguage\":\"en-US\",\"@id\":\"https:\/\/gradinaurbana.md\/un-proiect-care-uneste-doua-tari-modelul-gradinii-urbane-de-la-ungheni\/#primaryimage\",\"url\":\"https:\/\/gradinaurbana.md\/wp-content\/uploads\/2026\/02\/628376284_122101983741247324_2774919534882605020_n.jpg\",\"contentUrl\":\"https:\/\/gradinaurbana.md\/wp-content\/uploads\/2026\/02\/628376284_122101983741247324_2774919534882605020_n.jpg\",\"width\":2048,\"height\":1367},{\"@type\":\"BreadcrumbList\",\"@id\":\"https:\/\/gradinaurbana.md\/un-proiect-care-uneste-doua-tari-modelul-gradinii-urbane-de-la-ungheni\/#breadcrumb\",\"itemListElement\":[{\"@type\":\"ListItem\",\"position\":1,\"name\":\"Home\",\"item\":\"https:\/\/gradinaurbana.md\/ro_ro\/\"},{\"@type\":\"ListItem\",\"position\":2,\"name\":\"Un proiect care une\u0219te dou\u0103 \u021b\u0103ri: modelul gr\u0103dinii urbane de la Ungheni\"}]},{\"@type\":\"WebSite\",\"@id\":\"https:\/\/gradinaurbana.md\/#website\",\"url\":\"https:\/\/gradinaurbana.md\/\",\"name\":\"gradinaurbana.md\",\"description\":\"\",\"publisher\":{\"@id\":\"https:\/\/gradinaurbana.md\/#organization\"},\"potentialAction\":[{\"@type\":\"SearchAction\",\"target\":{\"@type\":\"EntryPoint\",\"urlTemplate\":\"https:\/\/gradinaurbana.md\/?s={search_term_string}\"},\"query-input\":{\"@type\":\"PropertyValueSpecification\",\"valueRequired\":true,\"valueName\":\"search_term_string\"}}],\"inLanguage\":\"en-US\"},{\"@type\":\"Organization\",\"@id\":\"https:\/\/gradinaurbana.md\/#organization\",\"name\":\"gradinaurbana.md\",\"url\":\"https:\/\/gradinaurbana.md\/\",\"logo\":{\"@type\":\"ImageObject\",\"inLanguage\":\"en-US\",\"@id\":\"https:\/\/gradinaurbana.md\/#\/schema\/logo\/image\/\",\"url\":\"https:\/\/gradinaurbana.md\/wp-content\/uploads\/2026\/02\/Gradina_Urbana_Ungheni__4_-removebg-preview.png\",\"contentUrl\":\"https:\/\/gradinaurbana.md\/wp-content\/uploads\/2026\/02\/Gradina_Urbana_Ungheni__4_-removebg-preview.png\",\"width\":500,\"height\":500,\"caption\":\"gradinaurbana.md\"},\"image\":{\"@id\":\"https:\/\/gradinaurbana.md\/#\/schema\/logo\/image\/\"},\"sameAs\":[\"https:\/\/www.facebook.com\/gradinaurbanaungheni\/\",\"https:\/\/www.tiktok.com\/@gradinaurbanaungheni?lang=ro-RO\",\"https:\/\/www.youtube.com\/@GradinaUrbana-Ungheni\",\"https:\/\/www.linkedin.com\/in\/gradina-urbana-64122a3b0\/\",\"https:\/\/www.instagram.com\/gradinaurbana.ungheni\/\"]},{\"@type\":\"Person\",\"@id\":\"https:\/\/gradinaurbana.md\/#\/schema\/person\/a843d6c1d2810ff20b1b7ad7db2576fc\",\"name\":\"Asociatia Business InnoHub\",\"sameAs\":[\"http:\/\/www.unbusinesshub.md\/\"],\"url\":\"https:\/\/gradinaurbana.md\/en\/author\/asociatia-business-innohub\/\"}]}<\/script>\n<!-- \/ Yoast SEO plugin. -->","yoast_head_json":{"title":"Un proiect care une\u0219te dou\u0103 \u021b\u0103ri: modelul gr\u0103dinii urbane de la Ungheni - gradinaurbana.md","robots":{"index":"index","follow":"follow","max-snippet":"max-snippet:-1","max-image-preview":"max-image-preview:large","max-video-preview":"max-video-preview:-1"},"canonical":"https:\/\/gradinaurbana.md\/en\/un-proiect-care-uneste-doua-tari-modelul-gradinii-urbane-de-la-ungheni\/","og_locale":"en_US","og_type":"article","og_title":"Un proiect care une\u0219te dou\u0103 \u021b\u0103ri: modelul gr\u0103dinii urbane de la Ungheni - gradinaurbana.md","og_description":"Aerul pe care \u00eel respir\u0103m nu se opre\u0219te la malul Prutului. La fel cum nici poluarea, \u00eenc\u0103lzirea global\u0103 sau pierderea spa\u021biilor verzi nu \u021bin cont de grani\u021be. Aceste problemele sunt [&hellip;]","og_url":"https:\/\/gradinaurbana.md\/en\/un-proiect-care-uneste-doua-tari-modelul-gradinii-urbane-de-la-ungheni\/","og_site_name":"gradinaurbana.md","article_publisher":"https:\/\/www.facebook.com\/gradinaurbanaungheni\/","article_published_time":"2026-02-13T15:33:17+00:00","article_modified_time":"2026-02-17T16:02:00+00:00","og_image":[{"width":2048,"height":1367,"url":"https:\/\/gradinaurbana.md\/wp-content\/uploads\/2026\/02\/628376284_122101983741247324_2774919534882605020_n.jpg","type":"image\/jpeg"}],"author":"Asociatia Business InnoHub","twitter_card":"summary_large_image","twitter_misc":{"Written by":"Asociatia Business InnoHub","Est. reading time":"3 minutes"},"schema":{"@context":"https:\/\/schema.org","@graph":[{"@type":"Article","@id":"https:\/\/gradinaurbana.md\/un-proiect-care-uneste-doua-tari-modelul-gradinii-urbane-de-la-ungheni\/#article","isPartOf":{"@id":"https:\/\/gradinaurbana.md\/un-proiect-care-uneste-doua-tari-modelul-gradinii-urbane-de-la-ungheni\/"},"author":{"name":"Asociatia Business InnoHub","@id":"https:\/\/gradinaurbana.md\/#\/schema\/person\/a843d6c1d2810ff20b1b7ad7db2576fc"},"headline":"Un proiect care une\u0219te dou\u0103 \u021b\u0103ri: modelul gr\u0103dinii urbane de la Ungheni","datePublished":"2026-02-13T15:33:17+00:00","dateModified":"2026-02-17T16:02:00+00:00","mainEntityOfPage":{"@id":"https:\/\/gradinaurbana.md\/un-proiect-care-uneste-doua-tari-modelul-gradinii-urbane-de-la-ungheni\/"},"wordCount":581,"publisher":{"@id":"https:\/\/gradinaurbana.md\/#organization"},"image":{"@id":"https:\/\/gradinaurbana.md\/un-proiect-care-uneste-doua-tari-modelul-gradinii-urbane-de-la-ungheni\/#primaryimage"},"thumbnailUrl":"https:\/\/gradinaurbana.md\/wp-content\/uploads\/2026\/02\/628376284_122101983741247324_2774919534882605020_n.jpg","inLanguage":"en-US"},{"@type":"WebPage","@id":"https:\/\/gradinaurbana.md\/un-proiect-care-uneste-doua-tari-modelul-gradinii-urbane-de-la-ungheni\/","url":"https:\/\/gradinaurbana.md\/un-proiect-care-uneste-doua-tari-modelul-gradinii-urbane-de-la-ungheni\/","name":"Un proiect care une\u0219te dou\u0103 \u021b\u0103ri: modelul gr\u0103dinii urbane de la Ungheni - gradinaurbana.md","isPartOf":{"@id":"https:\/\/gradinaurbana.md\/#website"},"primaryImageOfPage":{"@id":"https:\/\/gradinaurbana.md\/un-proiect-care-uneste-doua-tari-modelul-gradinii-urbane-de-la-ungheni\/#primaryimage"},"image":{"@id":"https:\/\/gradinaurbana.md\/un-proiect-care-uneste-doua-tari-modelul-gradinii-urbane-de-la-ungheni\/#primaryimage"},"thumbnailUrl":"https:\/\/gradinaurbana.md\/wp-content\/uploads\/2026\/02\/628376284_122101983741247324_2774919534882605020_n.jpg","datePublished":"2026-02-13T15:33:17+00:00","dateModified":"2026-02-17T16:02:00+00:00","breadcrumb":{"@id":"https:\/\/gradinaurbana.md\/un-proiect-care-uneste-doua-tari-modelul-gradinii-urbane-de-la-ungheni\/#breadcrumb"},"inLanguage":"en-US","potentialAction":[{"@type":"ReadAction","target":["https:\/\/gradinaurbana.md\/un-proiect-care-uneste-doua-tari-modelul-gradinii-urbane-de-la-ungheni\/"]}]},{"@type":"ImageObject","inLanguage":"en-US","@id":"https:\/\/gradinaurbana.md\/un-proiect-care-uneste-doua-tari-modelul-gradinii-urbane-de-la-ungheni\/#primaryimage","url":"https:\/\/gradinaurbana.md\/wp-content\/uploads\/2026\/02\/628376284_122101983741247324_2774919534882605020_n.jpg","contentUrl":"https:\/\/gradinaurbana.md\/wp-content\/uploads\/2026\/02\/628376284_122101983741247324_2774919534882605020_n.jpg","width":2048,"height":1367},{"@type":"BreadcrumbList","@id":"https:\/\/gradinaurbana.md\/un-proiect-care-uneste-doua-tari-modelul-gradinii-urbane-de-la-ungheni\/#breadcrumb","itemListElement":[{"@type":"ListItem","position":1,"name":"Home","item":"https:\/\/gradinaurbana.md\/ro_ro\/"},{"@type":"ListItem","position":2,"name":"Un proiect care une\u0219te dou\u0103 \u021b\u0103ri: modelul gr\u0103dinii urbane de la Ungheni"}]},{"@type":"WebSite","@id":"https:\/\/gradinaurbana.md\/#website","url":"https:\/\/gradinaurbana.md\/","name":"gradinaurbana.md","description":"","publisher":{"@id":"https:\/\/gradinaurbana.md\/#organization"},"potentialAction":[{"@type":"SearchAction","target":{"@type":"EntryPoint","urlTemplate":"https:\/\/gradinaurbana.md\/?s={search_term_string}"},"query-input":{"@type":"PropertyValueSpecification","valueRequired":true,"valueName":"search_term_string"}}],"inLanguage":"en-US"},{"@type":"Organization","@id":"https:\/\/gradinaurbana.md\/#organization","name":"gradinaurbana.md","url":"https:\/\/gradinaurbana.md\/","logo":{"@type":"ImageObject","inLanguage":"en-US","@id":"https:\/\/gradinaurbana.md\/#\/schema\/logo\/image\/","url":"https:\/\/gradinaurbana.md\/wp-content\/uploads\/2026\/02\/Gradina_Urbana_Ungheni__4_-removebg-preview.png","contentUrl":"https:\/\/gradinaurbana.md\/wp-content\/uploads\/2026\/02\/Gradina_Urbana_Ungheni__4_-removebg-preview.png","width":500,"height":500,"caption":"gradinaurbana.md"},"image":{"@id":"https:\/\/gradinaurbana.md\/#\/schema\/logo\/image\/"},"sameAs":["https:\/\/www.facebook.com\/gradinaurbanaungheni\/","https:\/\/www.tiktok.com\/@gradinaurbanaungheni?lang=ro-RO","https:\/\/www.youtube.com\/@GradinaUrbana-Ungheni","https:\/\/www.linkedin.com\/in\/gradina-urbana-64122a3b0\/","https:\/\/www.instagram.com\/gradinaurbana.ungheni\/"]},{"@type":"Person","@id":"https:\/\/gradinaurbana.md\/#\/schema\/person\/a843d6c1d2810ff20b1b7ad7db2576fc","name":"Asociatia Business InnoHub","sameAs":["http:\/\/www.unbusinesshub.md\/"],"url":"https:\/\/gradinaurbana.md\/en\/author\/asociatia-business-innohub\/"}]}},"_links":{"self":[{"href":"https:\/\/gradinaurbana.md\/en\/wp-json\/wp\/v2\/posts\/381","targetHints":{"allow":["GET"]}}],"collection":[{"href":"https:\/\/gradinaurbana.md\/en\/wp-json\/wp\/v2\/posts"}],"about":[{"href":"https:\/\/gradinaurbana.md\/en\/wp-json\/wp\/v2\/types\/post"}],"author":[{"embeddable":true,"href":"https:\/\/gradinaurbana.md\/en\/wp-json\/wp\/v2\/users\/3"}],"replies":[{"embeddable":true,"href":"https:\/\/gradinaurbana.md\/en\/wp-json\/wp\/v2\/comments?post=381"}],"version-history":[{"count":5,"href":"https:\/\/gradinaurbana.md\/en\/wp-json\/wp\/v2\/posts\/381\/revisions"}],"predecessor-version":[{"id":773,"href":"https:\/\/gradinaurbana.md\/en\/wp-json\/wp\/v2\/posts\/381\/revisions\/773"}],"wp:featuredmedia":[{"embeddable":true,"href":"https:\/\/gradinaurbana.md\/en\/wp-json\/wp\/v2\/media\/500"}],"wp:attachment":[{"href":"https:\/\/gradinaurbana.md\/en\/wp-json\/wp\/v2\/media?parent=381"}],"wp:term":[{"taxonomy":"category","embeddable":true,"href":"https:\/\/gradinaurbana.md\/en\/wp-json\/wp\/v2\/categories?post=381"},{"taxonomy":"post_tag","embeddable":true,"href":"https:\/\/gradinaurbana.md\/en\/wp-json\/wp\/v2\/tags?post=381"}],"curies":[{"name":"wp","href":"https:\/\/api.w.org\/{rel}","templated":true}]}}